{"id":88,"date":"2018-10-08T22:33:03","date_gmt":"2018-10-08T22:33:03","guid":{"rendered":"https:\/\/erhard-lorenz.de\/deutschland\/?p=88"},"modified":"2022-06-14T20:35:51","modified_gmt":"2022-06-14T20:35:51","slug":"novembervertraege","status":"publish","type":"post","link":"https:\/\/www.erhard-lorenz.de\/deutschland\/novembervertraege\/","title":{"rendered":"Novembervertr\u00e4ge"},"content":{"rendered":"<div class=\"pdfprnt-buttons pdfprnt-buttons-post pdfprnt-top-bottom-right\"><a href=\"https:\/\/www.erhard-lorenz.de\/deutschland\/wp-json\/wp\/v2\/posts\/88?print=pdf\" class=\"pdfprnt-button pdfprnt-button-pdf\" target=\"_blank\" ><\/a><a href=\"https:\/\/www.erhard-lorenz.de\/deutschland\/wp-json\/wp\/v2\/posts\/88?print=print\" class=\"pdfprnt-button pdfprnt-button-print\" target=\"_blank\" ><img decoding=\"async\" src=\"https:\/\/www.erhard-lorenz.de\/deutschland\/wp-content\/plugins\/pdf-print\/images\/print.png\" alt=\"image_print\" title=\"Inhalt drucken\" \/><\/a><\/div><p style=\"text-align: justify;\">Unter <b>Novembervertr\u00e4ge<\/b> versteht man die im<strong> November 1870<\/strong> abgeschlossenen Staatsvertr\u00e4ge \u00fcber einen Beitritt der K\u00f6nigreiche Bayern und W\u00fcrttemberg, der Gro\u00dfherzogt\u00fcmer Baden und Hessen zum Norddeutschen Bund. <strong>Eine Neugr\u00fcndung war hierbei nicht vorgesehen, vielmehr sollte der Norddeutsche Bundesstaat sich mit den s\u00fcddeutschen Staaten zum Deutschen Reich erweitern.<\/strong><sup id=\"cite_ref-Kotulla_2008_1-0\" class=\"reference\"><\/sup><\/p>\n<p style=\"text-align: justify;\">Die Novembervertr\u00e4ge sind im Einzelnen<\/p>\n<ul style=\"text-align: justify;\">\n<li>die Vereinbarung zwischen dem Norddeutschen Bund und Baden und Hessen zur \u201eGr\u00fcndung\u201c des \u201eDeutschen Bundes\u201c<sup id=\"cite_ref-Kotulla_2008_1-1\" class=\"reference\"><\/sup> (nicht zu verwechseln mit dem Deutschen Bund von 1815) vom 15. November 1870<\/li>\n<li>der Vertrag des Norddeutschen Bundes mit Bayern vom 23. November<sup id=\"cite_ref-Vertrag_Bayern_3-0\" class=\"reference\"><\/sup><\/li>\n<li>der Vertrag des Norddeutschen Bundes mit W\u00fcrttemberg vom 25. November<sup id=\"cite_ref-Vertrag_Wuerttemberg_4-0\" class=\"reference\"><\/sup>.<\/li>\n<\/ul>\n<p style=\"text-align: justify;\">Infolgedessen mu\u00dfte die Verfassung des Norddeutschen Bundes angepasst werden. Viele \u00c4nderungen erschienen bereits in der Verfassung des Deutschen Bundes vom 1. Januar 1871, allerdings hatte W\u00fcrttemberg den Vertrag bereits ratifiziert, wodurch die neue Verfassung bereits \u00fcberholt war. Bayern folgte mit der Ratifizierung erst Ende Januar, lie\u00df die Rechtswirksamkeit aber r\u00fcckwirkend mit dem 1. Januar beginnen.<\/p>\n<p style=\"text-align: justify;\"><strong>Am 18. Januar 1871 folgte die Kaiserausrufung in Versailles, die rechtlich gesehen keine Reichsgr\u00fcndung, sondern allenfalls einen Amtsantritt darstellte. Um das Verfassungsrecht dem j\u00fcngsten Stand anzugleichen, erlie\u00df man am 16. April die Verfassung f\u00fcr das Deutsche Reich.<\/strong><\/p>\n<div id=\"bodyContent\" class=\"mw-body-content\" style=\"text-align: justify;\">\n<div id=\"mw-content-text\" class=\"mw-content-ltr\" dir=\"ltr\" lang=\"de\">\n<div class=\"mw-parser-output\">\n<div class=\"thumb tright\">\n<div class=\"thumbinner\">\n<p><a class=\"image\" href=\"https:\/\/de.wikipedia.org\/wiki\/Datei:NB_1866-1871.99.svg\"><img loading=\"lazy\" decoding=\"async\" class=\"thumbimage\" src=\"https:\/\/upload.wikimedia.org\/wikipedia\/commons\/thumb\/a\/a2\/NB_1866-1871.99.svg\/220px-NB_1866-1871.99.svg.png\" srcset=\"\/\/upload.wikimedia.org\/wikipedia\/commons\/thumb\/a\/a2\/NB_1866-1871.99.svg\/330px-NB_1866-1871.99.svg.png 1.5x, \/\/upload.wikimedia.org\/wikipedia\/commons\/thumb\/a\/a2\/NB_1866-1871.99.svg\/440px-NB_1866-1871.99.svg.png 2x\" alt=\"\" width=\"220\" height=\"204\" data-file-width=\"971\" data-file-height=\"899\" \/><\/a><\/p>\n<\/div>\n<\/div>\n<\/div>\n<\/div>\n<\/div>\n<p style=\"text-align: justify;\">Norddeutscher Bund (1867\u20131870), mit Preu\u00dfen (blau), rot umrandet. Gr\u00fcn umrandet Bayern mit der bayerischen Pfalz, gelb umrandet W\u00fcrttemberg, braun umrandet Baden und dunkelbraun umrandet Hessen-Darmstadt.<\/p>\n<h3 style=\"text-align: justify;\"><strong><span id=\"Deutsch-Franz\u00f6sischer_Krieg\" class=\"mw-headline\">Deutsch-Franz\u00f6sischer Krieg<\/span><\/strong><i><\/i><\/h3>\n<p style=\"text-align: justify;\">Nach dem Preu\u00dfisch-\u00d6sterreichischen Krieg von 1866 hatten sich 1867 die norddeutschen Staaten unter preu\u00dfischer F\u00fchrung zum Norddeutschen Bund zusammengeschlossen. 1870 erkl\u00e4rte Frankreich unter Napoleon III. Preu\u00dfen den Krieg und l\u00f6ste damit den Deutsch-Franz\u00f6sischen Krieg aus. Frankreich wurde davon \u00fcberrascht, dass Bayern, W\u00fcrttemberg, Baden und Hessen Preu\u00dfen zur Seite standen, obwohl bereits seit 1866 gegenseitige Schutz- und Trutzb\u00fcndnisse bestanden.<\/p>\n<p style=\"text-align: justify;\">W\u00e4hrend des siegreichen Krieges hatte sich eine nahende Einigung angebahnt, und der Weg f\u00fcr die Reichsgr\u00fcndung wurde frei. Otto von Bismarck, Bundeskanzler des Norddeutschen Bundes, dr\u00e4ngte im Sinne der kleindeutschen L\u00f6sung auf einen Beitritt der verbliebenen souver\u00e4nen s\u00fcddeutschen Staaten Gro\u00dfherzogtum Baden, Gro\u00dfherzogtum Hessen, K\u00f6nigreich W\u00fcrttemberg und K\u00f6nigreich Bayern. Deren Regierungen standen der Einheitsbewegung unterschiedlich gegen\u00fcber. Es bedurfte daher diplomatischen Geschicks, um gleichzeitig eine scheinbare Souver\u00e4nit\u00e4t der s\u00fcddeutschen Staaten zu wahren und die Einheit verfassungsrechtlich zu verankern. \u00dcberdies musste au\u00dfenpolitisch der Argwohn der verbliebenen europ\u00e4ischen M\u00e4chte (Russisches Reich, \u00d6sterreich-Ungarn und das Vereinigte K\u00f6nigreich Gro\u00dfbritannien und Irland) vermieden werden.<sup id=\"cite_ref-Stern_128_5-0\" class=\"reference\"><\/sup><\/p>\n<h3 style=\"text-align: justify;\"><span id=\"Haltungen_in_Baden.2C_W.C3.BCrttemberg_und_Hessen\"><\/span><strong><span id=\"Haltungen_in_Baden,_W\u00fcrttemberg_und_Hessen\" class=\"mw-headline\">Haltungen in Baden, W\u00fcrttemberg und Hessen<\/span><\/strong><\/h3>\n<p style=\"text-align: justify;\">Das Gro\u00dfherzogtum Baden stand vorbehaltlos hinter der Einigung. Gro\u00dfherzog Friedrich I. und Ministerpr\u00e4sident Julius Jolly artikulierten bereits am 3. September 1870 Beitrittsw\u00fcnsche.<sup id=\"cite_ref-Stern_128_5-1\" class=\"reference\"><\/sup> Sie hatten bereits 1867 und wiederholt im Fr\u00fchjahr 1870 den Eintritt in den Norddeutschen Bund beantragt, den der Norddeutsche Reichstag auf Bismarcks Betreiben jedoch wegen au\u00dfenpolitischer R\u00fccksichtnahme ablehnte (Interpellation Lasker).<\/p>\n<p style=\"text-align: justify;\">Das K\u00f6nigreich W\u00fcrttemberg war gro\u00dfdeutsch-\u00f6sterreichisch gesinnt. Unter dem Einfluss der w\u00fcrttembergischen Deutschen Partei sandte das Kabinett unter K\u00f6nig Karl I. am 12. September einen Gesandten in das deutsche Hauptquartier in Frankreich, um Verhandlungen mit dem Norddeutschen Bund \u00fcber eine Vereinigung zu f\u00fchren.<sup id=\"cite_ref-Stern_128_5-2\" class=\"reference\"><\/sup><\/p>\n<p style=\"text-align: justify;\">Die Regierung des Gro\u00dfherzogtums Hessen war eher gro\u00dfdeutsch eingestellt, jedoch geh\u00f6rten die nordhessische Provinz Oberhessen und auch die Truppen S\u00fcdhessens bereits zum Norddeutschen Bund, was eine gewisse Zwangslage f\u00fcr die Regierung unter Gro\u00dfherzog Ludwig III. bedeutete. Auch bef\u00fcrworteten die Bev\u00f6lkerung und der Thronfolger, der sp\u00e4tere Ludwig IV. die kleindeutsche L\u00f6sung. Dementsprechend lie\u00df die Regierung von der gro\u00dfdeutschen Idee ab und trat in Verhandlungen mit dem Norddeutschen Bund.<sup id=\"cite_ref-Stern_128_5-3\" class=\"reference\"><\/sup><\/p>\n<h3 style=\"text-align: justify;\"><strong><span id=\"Haltung_in_Bayern\" class=\"mw-headline\">Haltung in Bayern<\/span><\/strong><\/h3>\n<p style=\"text-align: justify;\">Das K\u00f6nigreich Bayern stand von allen vier souver\u00e4nen Staaten einer kleindeutschen Einheit am st\u00e4rksten ablehnend gegen\u00fcber. K\u00f6nig Ludwig II. war stets auf Eigenst\u00e4ndigkeit und Unabh\u00e4ngigkeit bedacht. Um nicht isoliert zu werden, trat Bayern mit den Vorschlag eines neuen Verfassungsb\u00fcndnisses in die Verhandlungen ein. Dieses Verfassungsb\u00fcndnis lief auf die Gr\u00fcndung eines neuen Bundes mit neuer Bundesverfassung hinaus.<sup id=\"cite_ref-Stern_128_5-4\" class=\"reference\"><\/sup><\/p>\n<p style=\"text-align: justify;\">Bayern hatte sich vom preu\u00dfischen K\u00f6nig Wilhelm brieflich versprechen lassen, die Selbstst\u00e4ndigkeit und Integrit\u00e4t Bayerns zu wahren. Durch den Vertrag vom 23. November 1870 zwischen dem Norddeutschen Bund und dem K\u00f6nigreich Bayern behielt Bayern neben der Kultur- und Steuerhoheit aber auch noch zahlreiche weitere so genannte <i>Reservatrechte<\/i>, wie eigenes Heer, Postwesen und eigene Eisenbahn. Der bayerische Landtag nahm im Januar 1871 diesen Vertrag nach gr\u00f6\u00dften Widerst\u00e4nden, vor allem der <i>bayerischen Patrioten<\/i>, an.<\/p>\n<h2 style=\"text-align: justify;\"><span id=\"Unterzeichnung\" class=\"mw-headline\">Unterzeichnung<\/span><\/h2>\n<p style=\"text-align: justify;\">Vom 22. bis 26. September 1870 fanden in M\u00fcnchen vorbereitende Konferenzen statt. Bayerns Widerstand schwand, auch wegen Einzelgespr\u00e4chen von Otto von Bismarck im Oktober und weiterer Einflussnahmen auf den bayerischen K\u00f6nig Ludwig II. Baden und Hessen stellten im Oktober Beitrittsantr\u00e4ge, sodass sich der Druck auf W\u00fcrttemberg und Bayern nochmals erh\u00f6hte.<sup id=\"cite_ref-Stern_128_5-5\" class=\"reference\"><\/sup><\/p>\n<p style=\"text-align: justify;\">Ab Ende Oktober wurden die Verhandlungen im deutschen Hauptquartier bei Versailles mit den bevollm\u00e4chtigten Ministern der vier s\u00fcddeutschen Staaten gef\u00fchrt. Auch s\u00e4chsische Bevollm\u00e4chtigte wurden hinzugenommen. Zu dieser Zeit war die Belagerung von Paris noch in vollem Gange. Ergebnis der Verhandlungen war die Einigkeit, den Norddeutschen Bund durch Hinzutritt der s\u00fcddeutschen Staaten in einen Deutschen Bund umzuwandeln. Die Norddeutsche Bundesverfassung sollte analog die Deutsche Bundesverfassung werden.<sup id=\"cite_ref-Stern_128_5-6\" class=\"reference\"><\/sup><\/p>\n<p style=\"text-align: justify;\">Dieses Ergebnis wurde in den Verfassungsvertr\u00e4gen vom November 1870 und zwei gesonderten Milit\u00e4rkonventionen mit den vier hinzutretenden Staaten geschlossen: Zun\u00e4chst kam am 15. November der Vertrag zwischen dem Norddeutschen Bund auf der einen und Baden und Hessen auf der anderen Seite auf Basis der unver\u00e4nderten Annahme der Norddeutschen Bundesverfassung zustande.<sup id=\"cite_ref-Vertrag_Baden_Hessen_2-1\" class=\"reference\"><\/sup> Hierdurch wurde der Name von Norddeutscher Bund in <i>Deutscher Bund<\/i> ge\u00e4ndert, auch wenn die Ratifizierungen noch ausstanden. Nach Verhandlungen mit Bayern und W\u00fcrttemberg wurde die Norddeutsche Bundesverfassung und die wichtigsten Gesetze des Norddeutschen Bundes modifiziert: Insgesamt wurden die f\u00f6deralen Elemente im Vergleich mit dem Norddeutschen Bund von 1867 st\u00e4rker betont. Auf dieser neuen Grundlage trat am 23. November Bayern dem Vertrag zwischen dem Norddeutschen Bund und Baden und Hessen in Berlin bei; W\u00fcrttemberg folgte ebenfalls in Berlin am 25. November. S\u00e4mtliche Vertr\u00e4ge traten zum 1. Januar 1871 in Kraft, weshalb dieser Tag die formale Geburt des Deutschen Reichs markiert. Am 8. November folgten noch Zustimmungsvertr\u00e4ge mit Bayern sowie W\u00fcrttemberg, Baden und Hessen \u00fcber die zwischen W\u00fcrttemberg, Baden und Hessen und dem Norddeutschen Bund respektive Bayern und dem Norddeutschen Bund geschlossenen Vertr\u00e4ge.<\/p>\n<p style=\"text-align: justify;\">Die Novembervertr\u00e4ge bedurften der Zustimmung der Volksvertretungen des Norddeutschen Bundes als auch der Volksvertretungen, da sie mit dem Deutschen Bund (der Name wurde erst sp\u00e4ter ge\u00e4ndert) einen neuen Staat schufen und die bestehende Norddeutsche Bundesverfassung ab\u00e4nderten.<sup id=\"cite_ref-Stern_128_5-9\" class=\"reference\"><\/sup> Die Parlamente von W\u00fcrttemberg, Baden und Hessen ratifizierten die Vertr\u00e4ge im Dezember 1870, Bayern am 21. Januar 1871 mit eindeutigen Mehrheiten. Bei der Abstimmung im Norddeutschen Reichstag nach der dritten Lesung am 9. Dezember 1870 stimmten vor allem die polnischen, d\u00e4nischen und welfischen Abgeordneten mit Gegenstimmen. Andere ablehnende Lager blieben der Abstimmung fern. Der Bundesrat des Norddeutschen Bundes stimmte am selben Tag f\u00fcr die \u00c4nderung der Bezeichnungen in \u201eDeutsches Reich\u201c und \u201eDeutscher Kaiser\u201c. Am 10. Dezember 1870 passierte die Verfassungs\u00e4nderung den Reichstag.<\/p>\n<h2 style=\"text-align: justify;\"><span id=\"Einordnung\" class=\"mw-headline\">Einordnung<\/span><\/h2>\n<p style=\"text-align: justify;\">Die Novembervertr\u00e4ge bereiteten die sogenannte Reichsgr\u00fcndung vor, indem die Beitrittsbedingungen der S\u00fcdstaaten geregelt wurden. Dabei \u00e4nderte sich die Verfassung selbst bzw. das politische System kaum. Von bleibender Bedeutung waren die Sonderregeln f\u00fcr einige S\u00fcdstaaten, die sogenannten Reservatrechte. W\u00fcrttemberg und Bayern durften eigene Verbrauchssteuern und Eisenbahntarife erheben und erhielten Sonderrechte im Post- und Telegraphenwesen. Sachsen sowie W\u00fcrttemberg und Bayern durften weiterhin eigene Armeen unterhalten;<sup id=\"cite_ref-Stern_128_5-11\" class=\"reference\"><\/sup> w\u00e4hrend diese Staaten neben Preu\u00dfen ihr Heer selbst verwalteten, waren die \u00fcbrigen Landeskontingente mit der preu\u00dfischen Armee vereinigt. Diese Rechte und weitere Ausnahmeregelungen blieben bis 1918 in Kraft, auch wenn sie gro\u00dfteils nicht in den Verfassungstexten vom 1. Januar bzw. 16. April 1871 auftauchten.<\/p>\n<p style=\"text-align: justify;\">Die Reichseinigung war vollzogen und das Deutsche Reich wurde gegr\u00fcndet: durch eine \u201eReichsgr\u00fcndung von oben\u201c<sup id=\"cite_ref-8\" class=\"reference\"><\/sup>, die Vereinbarung der Regierungen einerseits und die Zustimmung der Parlamente andererseits.<\/p>\n<p>&nbsp;<\/p>\n<p style=\"text-align: right;\">Verantwortlich f\u00fcr diese Seite zeichnet sich das <a href=\"http:\/\/www.reichsamt-des-innern.de\">Reichsamt des Innern<\/a><\/p>\n<div class=\"pdfprnt-buttons pdfprnt-buttons-post pdfprnt-top-bottom-right\"><a href=\"https:\/\/www.erhard-lorenz.de\/deutschland\/wp-json\/wp\/v2\/posts\/88?print=pdf\" class=\"pdfprnt-button pdfprnt-button-pdf\" target=\"_blank\" ><\/a><a href=\"https:\/\/www.erhard-lorenz.de\/deutschland\/wp-json\/wp\/v2\/posts\/88?print=print\" class=\"pdfprnt-button pdfprnt-button-print\" target=\"_blank\" ><img decoding=\"async\" src=\"https:\/\/www.erhard-lorenz.de\/deutschland\/wp-content\/plugins\/pdf-print\/images\/print.png\" alt=\"image_print\" title=\"Inhalt drucken\" \/><\/a><\/div>","protected":false},"excerpt":{"rendered":"<p>Unter Novembervertr\u00e4ge versteht man die im November 1870 abgeschlossenen Staatsvertr\u00e4ge \u00fcber einen Beitritt der K\u00f6nigreiche Bayern und W\u00fcrttemberg, der Gro\u00dfherzogt\u00fcmer [&hellip;]<\/p>\n","protected":false},"author":1,"featured_media":0,"comment_status":"closed","ping_status":"open","sticky":false,"template":"","format":"standard","meta":{"footnotes":""},"categories":[5,6,7,2,110],"tags":[206,207,208,209,210,112,96,14,100,30,101,31,17,32,211,212,115,65,213,214,215,216,94,105,35,22,196,217,218,219,220,221],"class_list":["post-88","post","type-post","status-publish","format-standard","hentry","category-der-ewige-bund","category-deutsches-reich","category-deutschland","category-entstehung","category-nationalflagge","tag-01-07-1867","tag-207","tag-baden","tag-bayern","tag-budesstaat","tag-bundesflagge","tag-bundespraesidium","tag-bundesrath","tag-bundesverfassung","tag-deutscher-kaiser","tag-deutscher-krieg","tag-deutsches-reich","tag-deutschland","tag-ewiger-bund","tag-hhenzollern","tag-kaiserbreif","tag-nationalflagge","tag-nationalstaat","tag-norddeutsche-bund","tag-norddeutsche-verfassung","tag-nordstaaten","tag-novembervertraege","tag-oesterreich","tag-otto-von-bismarck","tag-preussen","tag-reichstag","tag-reichsverfassung","tag-schwarz-weiss-roth","tag-staatsvertraege","tag-suedstaaten","tag-welfenfondes","tag-wuerttemberg"],"yoast_head":"<!-- This site is optimized with the Yoast SEO plugin v27.3 - https:\/\/yoast.com\/product\/yoast-seo-wordpress\/ -->\n<title>Novembervertr\u00e4ge - Deutschland als Ganzes oder Nationalstaat Deutschland<\/title>\n<meta name=\"robots\" content=\"index, follow, max-snippet:-1, max-image-preview:large, max-video-preview:-1\" \/>\n<link rel=\"canonical\" href=\"https:\/\/www.erhard-lorenz.de\/deutschland\/novembervertraege\/\" \/>\n<meta property=\"og:locale\" content=\"de_DE\" \/>\n<meta property=\"og:type\" content=\"article\" \/>\n<meta property=\"og:title\" content=\"Novembervertr\u00e4ge - Deutschland als Ganzes oder Nationalstaat Deutschland\" \/>\n<meta property=\"og:description\" content=\"Unter Novembervertr\u00e4ge versteht man die im November 1870 abgeschlossenen Staatsvertr\u00e4ge \u00fcber einen Beitritt der K\u00f6nigreiche Bayern und W\u00fcrttemberg, der Gro\u00dfherzogt\u00fcmer [&hellip;]\" \/>\n<meta property=\"og:url\" content=\"https:\/\/www.erhard-lorenz.de\/deutschland\/novembervertraege\/\" \/>\n<meta property=\"og:site_name\" content=\"Deutschland als Ganzes oder Nationalstaat Deutschland\" \/>\n<meta property=\"article:published_time\" content=\"2018-10-08T22:33:03+00:00\" \/>\n<meta property=\"article:modified_time\" content=\"2022-06-14T20:35:51+00:00\" \/>\n<meta property=\"og:image\" content=\"https:\/\/upload.wikimedia.org\/wikipedia\/commons\/thumb\/a\/a2\/NB_1866-1871.99.svg\/220px-NB_1866-1871.99.svg.png\" \/>\n<meta name=\"author\" content=\"Nation\" \/>\n<meta name=\"twitter:card\" content=\"summary_large_image\" \/>\n<meta name=\"twitter:label1\" content=\"Verfasst von\" \/>\n\t<meta name=\"twitter:data1\" content=\"Nation\" \/>\n\t<meta name=\"twitter:label2\" content=\"Gesch\u00e4tzte Lesezeit\" \/>\n\t<meta name=\"twitter:data2\" content=\"7\u00a0Minuten\" \/>\n<script type=\"application\/ld+json\" class=\"yoast-schema-graph\">{\"@context\":\"https:\\\/\\\/schema.org\",\"@graph\":[{\"@type\":\"Article\",\"@id\":\"https:\\\/\\\/www.erhard-lorenz.de\\\/deutschland\\\/novembervertraege\\\/#article\",\"isPartOf\":{\"@id\":\"https:\\\/\\\/www.erhard-lorenz.de\\\/deutschland\\\/novembervertraege\\\/\"},\"author\":{\"name\":\"Nation\",\"@id\":\"https:\\\/\\\/www.erhard-lorenz.de\\\/deutschland\\\/#\\\/schema\\\/person\\\/f2e2002f36c06c5e5f382fa303ceb2c8\"},\"headline\":\"Novembervertr\u00e4ge\",\"datePublished\":\"2018-10-08T22:33:03+00:00\",\"dateModified\":\"2022-06-14T20:35:51+00:00\",\"mainEntityOfPage\":{\"@id\":\"https:\\\/\\\/www.erhard-lorenz.de\\\/deutschland\\\/novembervertraege\\\/\"},\"wordCount\":1332,\"image\":{\"@id\":\"https:\\\/\\\/www.erhard-lorenz.de\\\/deutschland\\\/novembervertraege\\\/#primaryimage\"},\"thumbnailUrl\":\"https:\\\/\\\/upload.wikimedia.org\\\/wikipedia\\\/commons\\\/thumb\\\/a\\\/a2\\\/NB_1866-1871.99.svg\\\/220px-NB_1866-1871.99.svg.png\",\"keywords\":[\"01.07.1867\",\"1866\",\"Baden\",\"Bayern\",\"Budesstaat\",\"Bundesflagge\",\"Bundespr\u00e4sidium\",\"bundesrath\",\"Bundesverfassung\",\"Deutscher Kaiser\",\"Deutscher Krieg\",\"Deutsches Reich\",\"Deutschland\",\"ewiger Bund\",\"Hhenzollern\",\"Kaiserbreif\",\"Nationalflagge\",\"Nationalstaat\",\"Norddeutsche Bund\",\"Norddeutsche Verfassung\",\"Nordstaaten\",\"Novembervertr\u00e4ge\",\"\u00d6sterreich\",\"Otto von Bismarck\",\"Preu\u00dfen\",\"Reichstag\",\"Reichsverfassung\",\"schwarz weiss roth\",\"Staatsvertr\u00e4ge\",\"S\u00fcdstaaten\",\"Welfenfondes\",\"W\u00fcrttemberg\"],\"articleSection\":[\"Der ewige Bund\",\"Deutsches Reich\",\"Deutschland\",\"Entstehung\",\"Nationalflagge\"],\"inLanguage\":\"de\"},{\"@type\":\"WebPage\",\"@id\":\"https:\\\/\\\/www.erhard-lorenz.de\\\/deutschland\\\/novembervertraege\\\/\",\"url\":\"https:\\\/\\\/www.erhard-lorenz.de\\\/deutschland\\\/novembervertraege\\\/\",\"name\":\"Novembervertr\u00e4ge - Deutschland als Ganzes oder Nationalstaat Deutschland\",\"isPartOf\":{\"@id\":\"https:\\\/\\\/www.erhard-lorenz.de\\\/deutschland\\\/#website\"},\"primaryImageOfPage\":{\"@id\":\"https:\\\/\\\/www.erhard-lorenz.de\\\/deutschland\\\/novembervertraege\\\/#primaryimage\"},\"image\":{\"@id\":\"https:\\\/\\\/www.erhard-lorenz.de\\\/deutschland\\\/novembervertraege\\\/#primaryimage\"},\"thumbnailUrl\":\"https:\\\/\\\/upload.wikimedia.org\\\/wikipedia\\\/commons\\\/thumb\\\/a\\\/a2\\\/NB_1866-1871.99.svg\\\/220px-NB_1866-1871.99.svg.png\",\"datePublished\":\"2018-10-08T22:33:03+00:00\",\"dateModified\":\"2022-06-14T20:35:51+00:00\",\"author\":{\"@id\":\"https:\\\/\\\/www.erhard-lorenz.de\\\/deutschland\\\/#\\\/schema\\\/person\\\/f2e2002f36c06c5e5f382fa303ceb2c8\"},\"breadcrumb\":{\"@id\":\"https:\\\/\\\/www.erhard-lorenz.de\\\/deutschland\\\/novembervertraege\\\/#breadcrumb\"},\"inLanguage\":\"de\",\"potentialAction\":[{\"@type\":\"ReadAction\",\"target\":[\"https:\\\/\\\/www.erhard-lorenz.de\\\/deutschland\\\/novembervertraege\\\/\"]}]},{\"@type\":\"ImageObject\",\"inLanguage\":\"de\",\"@id\":\"https:\\\/\\\/www.erhard-lorenz.de\\\/deutschland\\\/novembervertraege\\\/#primaryimage\",\"url\":\"https:\\\/\\\/upload.wikimedia.org\\\/wikipedia\\\/commons\\\/thumb\\\/a\\\/a2\\\/NB_1866-1871.99.svg\\\/220px-NB_1866-1871.99.svg.png\",\"contentUrl\":\"https:\\\/\\\/upload.wikimedia.org\\\/wikipedia\\\/commons\\\/thumb\\\/a\\\/a2\\\/NB_1866-1871.99.svg\\\/220px-NB_1866-1871.99.svg.png\"},{\"@type\":\"BreadcrumbList\",\"@id\":\"https:\\\/\\\/www.erhard-lorenz.de\\\/deutschland\\\/novembervertraege\\\/#breadcrumb\",\"itemListElement\":[{\"@type\":\"ListItem\",\"position\":1,\"name\":\"Startseite\",\"item\":\"https:\\\/\\\/www.erhard-lorenz.de\\\/deutschland\\\/\"},{\"@type\":\"ListItem\",\"position\":2,\"name\":\"Novembervertr\u00e4ge\"}]},{\"@type\":\"WebSite\",\"@id\":\"https:\\\/\\\/www.erhard-lorenz.de\\\/deutschland\\\/#website\",\"url\":\"https:\\\/\\\/www.erhard-lorenz.de\\\/deutschland\\\/\",\"name\":\"Deutschland als Ganzes oder Nationalstaat Deutschland\",\"description\":\"Deutschland 1871 bis 1918 ab 2008 bis heute\",\"potentialAction\":[{\"@type\":\"SearchAction\",\"target\":{\"@type\":\"EntryPoint\",\"urlTemplate\":\"https:\\\/\\\/www.erhard-lorenz.de\\\/deutschland\\\/?s={search_term_string}\"},\"query-input\":{\"@type\":\"PropertyValueSpecification\",\"valueRequired\":true,\"valueName\":\"search_term_string\"}}],\"inLanguage\":\"de\"},{\"@type\":\"Person\",\"@id\":\"https:\\\/\\\/www.erhard-lorenz.de\\\/deutschland\\\/#\\\/schema\\\/person\\\/f2e2002f36c06c5e5f382fa303ceb2c8\",\"name\":\"Nation\",\"image\":{\"@type\":\"ImageObject\",\"inLanguage\":\"de\",\"@id\":\"https:\\\/\\\/secure.gravatar.com\\\/avatar\\\/5673723d09d32a820810f8e5ca6d1e9f10277d26c74d350632daf36132064e23?s=96&d=mm&r=g\",\"url\":\"https:\\\/\\\/secure.gravatar.com\\\/avatar\\\/5673723d09d32a820810f8e5ca6d1e9f10277d26c74d350632daf36132064e23?s=96&d=mm&r=g\",\"contentUrl\":\"https:\\\/\\\/secure.gravatar.com\\\/avatar\\\/5673723d09d32a820810f8e5ca6d1e9f10277d26c74d350632daf36132064e23?s=96&d=mm&r=g\",\"caption\":\"Nation\"},\"url\":\"https:\\\/\\\/www.erhard-lorenz.de\\\/deutschland\\\/author\\\/nation\\\/\"}]}<\/script>\n<!-- \/ Yoast SEO plugin. -->","yoast_head_json":{"title":"Novembervertr\u00e4ge - Deutschland als Ganzes oder Nationalstaat Deutschland","robots":{"index":"index","follow":"follow","max-snippet":"max-snippet:-1","max-image-preview":"max-image-preview:large","max-video-preview":"max-video-preview:-1"},"canonical":"https:\/\/www.erhard-lorenz.de\/deutschland\/novembervertraege\/","og_locale":"de_DE","og_type":"article","og_title":"Novembervertr\u00e4ge - Deutschland als Ganzes oder Nationalstaat Deutschland","og_description":"Unter Novembervertr\u00e4ge versteht man die im November 1870 abgeschlossenen Staatsvertr\u00e4ge \u00fcber einen Beitritt der K\u00f6nigreiche Bayern und W\u00fcrttemberg, der Gro\u00dfherzogt\u00fcmer [&hellip;]","og_url":"https:\/\/www.erhard-lorenz.de\/deutschland\/novembervertraege\/","og_site_name":"Deutschland als Ganzes oder Nationalstaat Deutschland","article_published_time":"2018-10-08T22:33:03+00:00","article_modified_time":"2022-06-14T20:35:51+00:00","og_image":[{"url":"https:\/\/upload.wikimedia.org\/wikipedia\/commons\/thumb\/a\/a2\/NB_1866-1871.99.svg\/220px-NB_1866-1871.99.svg.png","type":"","width":"","height":""}],"author":"Nation","twitter_card":"summary_large_image","twitter_misc":{"Verfasst von":"Nation","Gesch\u00e4tzte Lesezeit":"7\u00a0Minuten"},"schema":{"@context":"https:\/\/schema.org","@graph":[{"@type":"Article","@id":"https:\/\/www.erhard-lorenz.de\/deutschland\/novembervertraege\/#article","isPartOf":{"@id":"https:\/\/www.erhard-lorenz.de\/deutschland\/novembervertraege\/"},"author":{"name":"Nation","@id":"https:\/\/www.erhard-lorenz.de\/deutschland\/#\/schema\/person\/f2e2002f36c06c5e5f382fa303ceb2c8"},"headline":"Novembervertr\u00e4ge","datePublished":"2018-10-08T22:33:03+00:00","dateModified":"2022-06-14T20:35:51+00:00","mainEntityOfPage":{"@id":"https:\/\/www.erhard-lorenz.de\/deutschland\/novembervertraege\/"},"wordCount":1332,"image":{"@id":"https:\/\/www.erhard-lorenz.de\/deutschland\/novembervertraege\/#primaryimage"},"thumbnailUrl":"https:\/\/upload.wikimedia.org\/wikipedia\/commons\/thumb\/a\/a2\/NB_1866-1871.99.svg\/220px-NB_1866-1871.99.svg.png","keywords":["01.07.1867","1866","Baden","Bayern","Budesstaat","Bundesflagge","Bundespr\u00e4sidium","bundesrath","Bundesverfassung","Deutscher Kaiser","Deutscher Krieg","Deutsches Reich","Deutschland","ewiger Bund","Hhenzollern","Kaiserbreif","Nationalflagge","Nationalstaat","Norddeutsche Bund","Norddeutsche Verfassung","Nordstaaten","Novembervertr\u00e4ge","\u00d6sterreich","Otto von Bismarck","Preu\u00dfen","Reichstag","Reichsverfassung","schwarz weiss roth","Staatsvertr\u00e4ge","S\u00fcdstaaten","Welfenfondes","W\u00fcrttemberg"],"articleSection":["Der ewige Bund","Deutsches Reich","Deutschland","Entstehung","Nationalflagge"],"inLanguage":"de"},{"@type":"WebPage","@id":"https:\/\/www.erhard-lorenz.de\/deutschland\/novembervertraege\/","url":"https:\/\/www.erhard-lorenz.de\/deutschland\/novembervertraege\/","name":"Novembervertr\u00e4ge - Deutschland als Ganzes oder Nationalstaat Deutschland","isPartOf":{"@id":"https:\/\/www.erhard-lorenz.de\/deutschland\/#website"},"primaryImageOfPage":{"@id":"https:\/\/www.erhard-lorenz.de\/deutschland\/novembervertraege\/#primaryimage"},"image":{"@id":"https:\/\/www.erhard-lorenz.de\/deutschland\/novembervertraege\/#primaryimage"},"thumbnailUrl":"https:\/\/upload.wikimedia.org\/wikipedia\/commons\/thumb\/a\/a2\/NB_1866-1871.99.svg\/220px-NB_1866-1871.99.svg.png","datePublished":"2018-10-08T22:33:03+00:00","dateModified":"2022-06-14T20:35:51+00:00","author":{"@id":"https:\/\/www.erhard-lorenz.de\/deutschland\/#\/schema\/person\/f2e2002f36c06c5e5f382fa303ceb2c8"},"breadcrumb":{"@id":"https:\/\/www.erhard-lorenz.de\/deutschland\/novembervertraege\/#breadcrumb"},"inLanguage":"de","potentialAction":[{"@type":"ReadAction","target":["https:\/\/www.erhard-lorenz.de\/deutschland\/novembervertraege\/"]}]},{"@type":"ImageObject","inLanguage":"de","@id":"https:\/\/www.erhard-lorenz.de\/deutschland\/novembervertraege\/#primaryimage","url":"https:\/\/upload.wikimedia.org\/wikipedia\/commons\/thumb\/a\/a2\/NB_1866-1871.99.svg\/220px-NB_1866-1871.99.svg.png","contentUrl":"https:\/\/upload.wikimedia.org\/wikipedia\/commons\/thumb\/a\/a2\/NB_1866-1871.99.svg\/220px-NB_1866-1871.99.svg.png"},{"@type":"BreadcrumbList","@id":"https:\/\/www.erhard-lorenz.de\/deutschland\/novembervertraege\/#breadcrumb","itemListElement":[{"@type":"ListItem","position":1,"name":"Startseite","item":"https:\/\/www.erhard-lorenz.de\/deutschland\/"},{"@type":"ListItem","position":2,"name":"Novembervertr\u00e4ge"}]},{"@type":"WebSite","@id":"https:\/\/www.erhard-lorenz.de\/deutschland\/#website","url":"https:\/\/www.erhard-lorenz.de\/deutschland\/","name":"Deutschland als Ganzes oder Nationalstaat Deutschland","description":"Deutschland 1871 bis 1918 ab 2008 bis heute","potentialAction":[{"@type":"SearchAction","target":{"@type":"EntryPoint","urlTemplate":"https:\/\/www.erhard-lorenz.de\/deutschland\/?s={search_term_string}"},"query-input":{"@type":"PropertyValueSpecification","valueRequired":true,"valueName":"search_term_string"}}],"inLanguage":"de"},{"@type":"Person","@id":"https:\/\/www.erhard-lorenz.de\/deutschland\/#\/schema\/person\/f2e2002f36c06c5e5f382fa303ceb2c8","name":"Nation","image":{"@type":"ImageObject","inLanguage":"de","@id":"https:\/\/secure.gravatar.com\/avatar\/5673723d09d32a820810f8e5ca6d1e9f10277d26c74d350632daf36132064e23?s=96&d=mm&r=g","url":"https:\/\/secure.gravatar.com\/avatar\/5673723d09d32a820810f8e5ca6d1e9f10277d26c74d350632daf36132064e23?s=96&d=mm&r=g","contentUrl":"https:\/\/secure.gravatar.com\/avatar\/5673723d09d32a820810f8e5ca6d1e9f10277d26c74d350632daf36132064e23?s=96&d=mm&r=g","caption":"Nation"},"url":"https:\/\/www.erhard-lorenz.de\/deutschland\/author\/nation\/"}]}},"_links":{"self":[{"href":"https:\/\/www.erhard-lorenz.de\/deutschland\/wp-json\/wp\/v2\/posts\/88","targetHints":{"allow":["GET"]}}],"collection":[{"href":"https:\/\/www.erhard-lorenz.de\/deutschland\/wp-json\/wp\/v2\/posts"}],"about":[{"href":"https:\/\/www.erhard-lorenz.de\/deutschland\/wp-json\/wp\/v2\/types\/post"}],"author":[{"embeddable":true,"href":"https:\/\/www.erhard-lorenz.de\/deutschland\/wp-json\/wp\/v2\/users\/1"}],"replies":[{"embeddable":true,"href":"https:\/\/www.erhard-lorenz.de\/deutschland\/wp-json\/wp\/v2\/comments?post=88"}],"version-history":[{"count":1,"href":"https:\/\/www.erhard-lorenz.de\/deutschland\/wp-json\/wp\/v2\/posts\/88\/revisions"}],"predecessor-version":[{"id":89,"href":"https:\/\/www.erhard-lorenz.de\/deutschland\/wp-json\/wp\/v2\/posts\/88\/revisions\/89"}],"wp:attachment":[{"href":"https:\/\/www.erhard-lorenz.de\/deutschland\/wp-json\/wp\/v2\/media?parent=88"}],"wp:term":[{"taxonomy":"category","embeddable":true,"href":"https:\/\/www.erhard-lorenz.de\/deutschland\/wp-json\/wp\/v2\/categories?post=88"},{"taxonomy":"post_tag","embeddable":true,"href":"https:\/\/www.erhard-lorenz.de\/deutschland\/wp-json\/wp\/v2\/tags?post=88"}],"curies":[{"name":"wp","href":"https:\/\/api.w.org\/{rel}","templated":true}]}}